{"id":2679,"date":"2025-02-21T13:54:47","date_gmt":"2025-02-21T12:54:47","guid":{"rendered":"https:\/\/axialease.com\/?p=2679"},"modified":"2025-02-21T14:26:29","modified_gmt":"2025-02-21T13:26:29","slug":"notre-equipe-prend-la-parole-en-video-flavien-peuvrel-directeur-des-operations-joint-venture","status":"publish","type":"post","link":"https:\/\/axialease.com\/fr\/notre-equipe-prend-la-parole-en-video-flavien-peuvrel-directeur-des-operations-joint-venture\/","title":{"rendered":"Notre \u00e9quipe prend la parole en vid\u00e9o : Flavien Peuvrel, directeur des op\u00e9rations Joint-Venture"},"content":{"rendered":"\n<div class=\"wp-block-columns bloc-titre-bold-1 display-none-mobile is-layout-flex wp-container-core-columns-is-layout-9d6595d7 wp-block-columns-is-layout-flex\">\n<div class=\"wp-block-column is-layout-flow wp-block-column-is-layout-flow\">\n<p>D\u00e9couvrez l\u2019interview de Flavien Peuvrel, Directeur des Op\u00e9rations Joint-Venture chez Axialease. Il partage avec nous son parcours, ses motivations et son quotidien aux c\u00f4t\u00e9s de nos associ\u00e9s et partenaires.\u00a0<\/p>\n<\/div>\n<\/div>\n\n\n\n<div class=\"wp-block-columns bloc-titre-bold-1 display-none-desktop is-layout-flex wp-container-core-columns-is-layout-9d6595d7 wp-block-columns-is-layout-flex\">\n<div class=\"wp-block-column is-layout-flow wp-block-column-is-layout-flow\">\n<p>D\u00c9COUVREZ L&rsquo;INTERVIEW DE FLAVIEN PEUVREL, DIRECTEUR DES OP\u00c9RATIONS JOINT-VENTURE CHEZ AXIALEASE<\/p>\n<\/div>\n<\/div>\n\n\n\n<div class=\"wp-block-custom-video-thumbnail-block video-thumbnail-block\" style=\"text-align:center;position:relative\"><img decoding=\"async\" class=\"thumbnail\" src=\"https:\/\/axialease.com\/wp-content\/uploads\/2025\/02\/MINIA_FLAVIENhd.jpg\" alt=\"Thumbnail\" style=\"width:250px;height:500px;object-fit:cover;cursor:pointer\" data-video-url=\"https:\/\/axialease.com\/wp-content\/uploads\/2025\/02\/Flavien-AXIALEASE_sous-titres.mp4\"\/><video class=\"hidden-video\" src=\"https:\/\/axialease.com\/wp-content\/uploads\/2025\/02\/Flavien-AXIALEASE_sous-titres.mp4\" controls style=\"display:none;width:250px;height:500px;position:relative;left:50%;transform:translate(-50%, 0)\"><\/video><script>document.addEventListener('DOMContentLoaded', function () {\n                        const thumbnails = document.querySelectorAll('.video-thumbnail-block .thumbnail');\n                        thumbnails.forEach((thumbnail) => {\n                            thumbnail.addEventListener('click', function () {\n                                const video = thumbnail.nextElementSibling;\n                                if (video) {\n                                    thumbnail.style.display = 'none';\n                                    video.style.display = 'block';\n                                    video.play();\n                                }\n                            });\n                        });\n                    });<\/script><\/div>\n\n\n\n<p>Fort de son exp\u00e9rience en gestion d&rsquo;entreprise et en conseil financier, Flavien Peuvel a rejoint Axialease apr\u00e8s plusieurs ann\u00e9es de collaboration en tant que partenaire. S\u00e9duit par les valeurs humaines et professionnelles de l&rsquo;entreprise, il a accept\u00e9 le poste de Directeur des Op\u00e9rations Joint-Venture.<\/p>\n\n\n\n<p>Le Directeur des Op\u00e9rations Joint-Venture chez Axialease est responsable de la gestion et du d\u00e9veloppement des partenariats strat\u00e9giques de l&rsquo;entreprise. V\u00e9ritable savoir-faire interne chez nous, la cr\u00e9ation et la supervision de <a href=\"https:\/\/axialease.com\/fr\/partenaires\/joint-ventures\/\">joint-ventures<\/a>, solutions de financement d\u00e9di\u00e9es co-cr\u00e9\u00e9es avec nos associ\u00e9s, sont au c\u0153ur de sa mission.<\/p>\n\n\n\n<p>Le poste est essentiel pour la croissance de l&rsquo;entreprise. Il n\u00e9cessite une expertise en gestion, une capacit\u00e9 \u00e0 \u00e9tablir des partenariats strat\u00e9giques et une vision claire des objectifs \u00e0 long terme. Avec l\u2019impulsion de professionnels tels que Flavien Peuvel, Axialease continue de renforcer sa position sur le march\u00e9 de la location financi\u00e8re d&rsquo;\u00e9quipements.<\/p>\n\n\n\n<p>Les <a href=\"https:\/\/axialease.com\/fr\/partenaires\/joint-ventures\/\">joint-ventures<\/a> sont un domaine d&rsquo;expertise majeur chez Axialease. Explorez tous nos savoir-faire sur notre page <a href=\"https:\/\/axialease.com\/fr\/nous-rejoindre\/nos-metiers\/\">m\u00e9tiers<\/a> et <a href=\"https:\/\/axialease.com\/fr\/nous-rejoindre\/\">rejoignez<\/a> l&rsquo;aventure.<\/p>\n\n\n\n<p>Copyright : <a href=\"https:\/\/www.hellowork.com\/fr-fr\/\">Hellowork<\/a><\/p>\n","protected":false},"excerpt":{"rendered":"<p>Notre directeur des op\u00e9rations joint-venture nous partage son parcours et sa mission.<\/p>\n","protected":false},"author":1,"featured_media":2804,"comment_status":"closed","ping_status":"open","sticky":false,"template":"","format":"standard","meta":{"footnotes":""},"categories":[1],"tags":[37,40,38],"class_list":["post-2679","post","type-post","status-publish","format-standard","has-post-thumbnail","hentry","category-non-classifiee","tag-joint-venture","tag-leasing","tag-rh","entry"],"yoast_head":"<!-- This site is optimized with the Yoast SEO plugin v26.4-RC2 - https:\/\/yoast.com\/wordpress\/plugins\/seo\/ -->\n<title>Notre \u00e9quipe prend la parole en vid\u00e9o : Flavien Peuvrel, directeur des op\u00e9rations Joint-Venture - Axialease<\/title>\n<meta name=\"robots\" content=\"index, follow, max-snippet:-1, max-image-preview:large, max-video-preview:-1\" \/>\n<link rel=\"canonical\" href=\"https:\/\/axialease.com\/fr\/notre-equipe-prend-la-parole-en-video-flavien-peuvrel-directeur-des-operations-joint-venture\/\" \/>\n<meta property=\"og:locale\" content=\"fr_FR\" \/>\n<meta property=\"og:type\" content=\"article\" \/>\n<meta property=\"og:title\" content=\"Notre \u00e9quipe prend la parole en vid\u00e9o : Flavien Peuvrel, directeur des op\u00e9rations Joint-Venture - Axialease\" \/>\n<meta property=\"og:description\" content=\"Notre directeur des op\u00e9rations joint-venture nous partage son parcours et sa mission.\" \/>\n<meta property=\"og:url\" content=\"https:\/\/axialease.com\/fr\/notre-equipe-prend-la-parole-en-video-flavien-peuvrel-directeur-des-operations-joint-venture\/\" \/>\n<meta property=\"og:site_name\" content=\"Axialease\" \/>\n<meta property=\"article:published_time\" content=\"2025-02-21T12:54:47+00:00\" \/>\n<meta property=\"article:modified_time\" content=\"2025-02-21T13:26:29+00:00\" \/>\n<meta property=\"og:image\" content=\"https:\/\/axialease.com\/wp-content\/uploads\/2025\/02\/AdobeStock_352176401-scaled.jpeg\" \/>\n\t<meta property=\"og:image:width\" content=\"2560\" \/>\n\t<meta property=\"og:image:height\" content=\"1440\" \/>\n\t<meta property=\"og:image:type\" content=\"image\/jpeg\" \/>\n<meta name=\"author\" content=\"admin\" \/>\n<meta name=\"twitter:card\" content=\"summary_large_image\" \/>\n<meta name=\"twitter:label1\" content=\"\u00c9crit par\" \/>\n\t<meta name=\"twitter:data1\" content=\"admin\" \/>\n\t<meta name=\"twitter:label2\" content=\"Dur\u00e9e de lecture estim\u00e9e\" \/>\n\t<meta name=\"twitter:data2\" content=\"2 minutes\" \/>\n<script type=\"application\/ld+json\" class=\"yoast-schema-graph\">{\"@context\":\"https:\/\/schema.org\",\"@graph\":[{\"@type\":\"WebPage\",\"@id\":\"https:\/\/axialease.com\/fr\/notre-equipe-prend-la-parole-en-video-flavien-peuvrel-directeur-des-operations-joint-venture\/\",\"url\":\"https:\/\/axialease.com\/fr\/notre-equipe-prend-la-parole-en-video-flavien-peuvrel-directeur-des-operations-joint-venture\/\",\"name\":\"Notre \u00e9quipe prend la parole en vid\u00e9o : Flavien Peuvrel, directeur des op\u00e9rations Joint-Venture - Axialease\",\"isPartOf\":{\"@id\":\"https:\/\/axialease.com\/fr\/#website\"},\"primaryImageOfPage\":{\"@id\":\"https:\/\/axialease.com\/fr\/notre-equipe-prend-la-parole-en-video-flavien-peuvrel-directeur-des-operations-joint-venture\/#primaryimage\"},\"image\":{\"@id\":\"https:\/\/axialease.com\/fr\/notre-equipe-prend-la-parole-en-video-flavien-peuvrel-directeur-des-operations-joint-venture\/#primaryimage\"},\"thumbnailUrl\":\"https:\/\/axialease.com\/wp-content\/uploads\/2025\/02\/AdobeStock_352176401-scaled.jpeg\",\"datePublished\":\"2025-02-21T12:54:47+00:00\",\"dateModified\":\"2025-02-21T13:26:29+00:00\",\"author\":{\"@id\":\"https:\/\/axialease.com\/fr\/#\/schema\/person\/79e5d8f4feeebd8267306d362479bd42\"},\"breadcrumb\":{\"@id\":\"https:\/\/axialease.com\/fr\/notre-equipe-prend-la-parole-en-video-flavien-peuvrel-directeur-des-operations-joint-venture\/#breadcrumb\"},\"inLanguage\":\"fr-FR\",\"potentialAction\":[{\"@type\":\"ReadAction\",\"target\":[\"https:\/\/axialease.com\/fr\/notre-equipe-prend-la-parole-en-video-flavien-peuvrel-directeur-des-operations-joint-venture\/\"]}]},{\"@type\":\"ImageObject\",\"inLanguage\":\"fr-FR\",\"@id\":\"https:\/\/axialease.com\/fr\/notre-equipe-prend-la-parole-en-video-flavien-peuvrel-directeur-des-operations-joint-venture\/#primaryimage\",\"url\":\"https:\/\/axialease.com\/wp-content\/uploads\/2025\/02\/AdobeStock_352176401-scaled.jpeg\",\"contentUrl\":\"https:\/\/axialease.com\/wp-content\/uploads\/2025\/02\/AdobeStock_352176401-scaled.jpeg\",\"width\":2560,\"height\":1440,\"caption\":\"Collaborateurs en entreprise\"},{\"@type\":\"BreadcrumbList\",\"@id\":\"https:\/\/axialease.com\/fr\/notre-equipe-prend-la-parole-en-video-flavien-peuvrel-directeur-des-operations-joint-venture\/#breadcrumb\",\"itemListElement\":[{\"@type\":\"ListItem\",\"position\":1,\"name\":\"Accueil\",\"item\":\"https:\/\/axialease.com\/fr\/\"},{\"@type\":\"ListItem\",\"position\":2,\"name\":\"Notre \u00e9quipe prend la parole en vid\u00e9o : Flavien Peuvrel, directeur des op\u00e9rations Joint-Venture\"}]},{\"@type\":\"WebSite\",\"@id\":\"https:\/\/axialease.com\/fr\/#website\",\"url\":\"https:\/\/axialease.com\/fr\/\",\"name\":\"Axialease\",\"description\":\"\",\"potentialAction\":[{\"@type\":\"SearchAction\",\"target\":{\"@type\":\"EntryPoint\",\"urlTemplate\":\"https:\/\/axialease.com\/fr\/?s={search_term_string}\"},\"query-input\":{\"@type\":\"PropertyValueSpecification\",\"valueRequired\":true,\"valueName\":\"search_term_string\"}}],\"inLanguage\":\"fr-FR\"},{\"@type\":\"Person\",\"@id\":\"https:\/\/axialease.com\/fr\/#\/schema\/person\/79e5d8f4feeebd8267306d362479bd42\",\"name\":\"admin\",\"image\":{\"@type\":\"ImageObject\",\"inLanguage\":\"fr-FR\",\"@id\":\"https:\/\/axialease.com\/fr\/#\/schema\/person\/image\/\",\"url\":\"https:\/\/axialease.com\/wp-content\/litespeed\/avatar\/eac211814b9b8b16c8d7aee05f3cef42.jpg?ver=1777418072\",\"contentUrl\":\"https:\/\/axialease.com\/wp-content\/litespeed\/avatar\/eac211814b9b8b16c8d7aee05f3cef42.jpg?ver=1777418072\",\"caption\":\"admin\"},\"sameAs\":[\"https:\/\/axialease.com\"],\"url\":\"https:\/\/axialease.com\/fr\/author\/admin\/\"}]}<\/script>\n<!-- \/ Yoast SEO plugin. -->","yoast_head_json":{"title":"Notre \u00e9quipe prend la parole en vid\u00e9o : Flavien Peuvrel, directeur des op\u00e9rations Joint-Venture - Axialease","robots":{"index":"index","follow":"follow","max-snippet":"max-snippet:-1","max-image-preview":"max-image-preview:large","max-video-preview":"max-video-preview:-1"},"canonical":"https:\/\/axialease.com\/fr\/notre-equipe-prend-la-parole-en-video-flavien-peuvrel-directeur-des-operations-joint-venture\/","og_locale":"fr_FR","og_type":"article","og_title":"Notre \u00e9quipe prend la parole en vid\u00e9o : Flavien Peuvrel, directeur des op\u00e9rations Joint-Venture - Axialease","og_description":"Notre directeur des op\u00e9rations joint-venture nous partage son parcours et sa mission.","og_url":"https:\/\/axialease.com\/fr\/notre-equipe-prend-la-parole-en-video-flavien-peuvrel-directeur-des-operations-joint-venture\/","og_site_name":"Axialease","article_published_time":"2025-02-21T12:54:47+00:00","article_modified_time":"2025-02-21T13:26:29+00:00","og_image":[{"width":2560,"height":1440,"url":"https:\/\/axialease.com\/wp-content\/uploads\/2025\/02\/AdobeStock_352176401-scaled.jpeg","type":"image\/jpeg"}],"author":"admin","twitter_card":"summary_large_image","twitter_misc":{"\u00c9crit par":"admin","Dur\u00e9e de lecture estim\u00e9e":"2 minutes"},"schema":{"@context":"https:\/\/schema.org","@graph":[{"@type":"WebPage","@id":"https:\/\/axialease.com\/fr\/notre-equipe-prend-la-parole-en-video-flavien-peuvrel-directeur-des-operations-joint-venture\/","url":"https:\/\/axialease.com\/fr\/notre-equipe-prend-la-parole-en-video-flavien-peuvrel-directeur-des-operations-joint-venture\/","name":"Notre \u00e9quipe prend la parole en vid\u00e9o : Flavien Peuvrel, directeur des op\u00e9rations Joint-Venture - Axialease","isPartOf":{"@id":"https:\/\/axialease.com\/fr\/#website"},"primaryImageOfPage":{"@id":"https:\/\/axialease.com\/fr\/notre-equipe-prend-la-parole-en-video-flavien-peuvrel-directeur-des-operations-joint-venture\/#primaryimage"},"image":{"@id":"https:\/\/axialease.com\/fr\/notre-equipe-prend-la-parole-en-video-flavien-peuvrel-directeur-des-operations-joint-venture\/#primaryimage"},"thumbnailUrl":"https:\/\/axialease.com\/wp-content\/uploads\/2025\/02\/AdobeStock_352176401-scaled.jpeg","datePublished":"2025-02-21T12:54:47+00:00","dateModified":"2025-02-21T13:26:29+00:00","author":{"@id":"https:\/\/axialease.com\/fr\/#\/schema\/person\/79e5d8f4feeebd8267306d362479bd42"},"breadcrumb":{"@id":"https:\/\/axialease.com\/fr\/notre-equipe-prend-la-parole-en-video-flavien-peuvrel-directeur-des-operations-joint-venture\/#breadcrumb"},"inLanguage":"fr-FR","potentialAction":[{"@type":"ReadAction","target":["https:\/\/axialease.com\/fr\/notre-equipe-prend-la-parole-en-video-flavien-peuvrel-directeur-des-operations-joint-venture\/"]}]},{"@type":"ImageObject","inLanguage":"fr-FR","@id":"https:\/\/axialease.com\/fr\/notre-equipe-prend-la-parole-en-video-flavien-peuvrel-directeur-des-operations-joint-venture\/#primaryimage","url":"https:\/\/axialease.com\/wp-content\/uploads\/2025\/02\/AdobeStock_352176401-scaled.jpeg","contentUrl":"https:\/\/axialease.com\/wp-content\/uploads\/2025\/02\/AdobeStock_352176401-scaled.jpeg","width":2560,"height":1440,"caption":"Collaborateurs en entreprise"},{"@type":"BreadcrumbList","@id":"https:\/\/axialease.com\/fr\/notre-equipe-prend-la-parole-en-video-flavien-peuvrel-directeur-des-operations-joint-venture\/#breadcrumb","itemListElement":[{"@type":"ListItem","position":1,"name":"Accueil","item":"https:\/\/axialease.com\/fr\/"},{"@type":"ListItem","position":2,"name":"Notre \u00e9quipe prend la parole en vid\u00e9o : Flavien Peuvrel, directeur des op\u00e9rations Joint-Venture"}]},{"@type":"WebSite","@id":"https:\/\/axialease.com\/fr\/#website","url":"https:\/\/axialease.com\/fr\/","name":"Axialease","description":"","potentialAction":[{"@type":"SearchAction","target":{"@type":"EntryPoint","urlTemplate":"https:\/\/axialease.com\/fr\/?s={search_term_string}"},"query-input":{"@type":"PropertyValueSpecification","valueRequired":true,"valueName":"search_term_string"}}],"inLanguage":"fr-FR"},{"@type":"Person","@id":"https:\/\/axialease.com\/fr\/#\/schema\/person\/79e5d8f4feeebd8267306d362479bd42","name":"admin","image":{"@type":"ImageObject","inLanguage":"fr-FR","@id":"https:\/\/axialease.com\/fr\/#\/schema\/person\/image\/","url":"https:\/\/axialease.com\/wp-content\/litespeed\/avatar\/eac211814b9b8b16c8d7aee05f3cef42.jpg?ver=1777418072","contentUrl":"https:\/\/axialease.com\/wp-content\/litespeed\/avatar\/eac211814b9b8b16c8d7aee05f3cef42.jpg?ver=1777418072","caption":"admin"},"sameAs":["https:\/\/axialease.com"],"url":"https:\/\/axialease.com\/fr\/author\/admin\/"}]}},"_links":{"self":[{"href":"https:\/\/axialease.com\/fr\/wp-json\/wp\/v2\/posts\/2679","targetHints":{"allow":["GET"]}}],"collection":[{"href":"https:\/\/axialease.com\/fr\/wp-json\/wp\/v2\/posts"}],"about":[{"href":"https:\/\/axialease.com\/fr\/wp-json\/wp\/v2\/types\/post"}],"author":[{"embeddable":true,"href":"https:\/\/axialease.com\/fr\/wp-json\/wp\/v2\/users\/1"}],"replies":[{"embeddable":true,"href":"https:\/\/axialease.com\/fr\/wp-json\/wp\/v2\/comments?post=2679"}],"version-history":[{"count":23,"href":"https:\/\/axialease.com\/fr\/wp-json\/wp\/v2\/posts\/2679\/revisions"}],"predecessor-version":[{"id":2814,"href":"https:\/\/axialease.com\/fr\/wp-json\/wp\/v2\/posts\/2679\/revisions\/2814"}],"wp:featuredmedia":[{"embeddable":true,"href":"https:\/\/axialease.com\/fr\/wp-json\/wp\/v2\/media\/2804"}],"wp:attachment":[{"href":"https:\/\/axialease.com\/fr\/wp-json\/wp\/v2\/media?parent=2679"}],"wp:term":[{"taxonomy":"category","embeddable":true,"href":"https:\/\/axialease.com\/fr\/wp-json\/wp\/v2\/categories?post=2679"},{"taxonomy":"post_tag","embeddable":true,"href":"https:\/\/axialease.com\/fr\/wp-json\/wp\/v2\/tags?post=2679"}],"curies":[{"name":"wp","href":"https:\/\/api.w.org\/{rel}","templated":true}]}}